[{"@context":"https:\/\/schema.org\/","@type":"Article","@id":"https:\/\/www.desin.cz\/mame-radi-ceske-firmy\/#Article","mainEntityOfPage":"https:\/\/www.desin.cz\/mame-radi-ceske-firmy\/","headline":"M\u00e1me r\u00e1di \u010desk\u00e9 firmy","name":"M\u00e1me r\u00e1di \u010desk\u00e9 firmy","description":"Dnes je zcela b\u011b\u017en\u00e9, \u017ee drtiv\u00e1 v\u011bt\u0161ina ve\u0161ker\u00e9ho zbo\u017e\u00ed, kter\u00e9 je k dost\u00e1n\u00ed na pultech na\u0161ich obchod\u016f, poch\u00e1z\u00ed z \u010c\u00edny.&hellip;","datePublished":"2025-08-12","dateModified":"2025-08-12","author":{"@type":"Person","@id":"https:\/\/www.desin.cz\/author\/#Person","name":"","url":"https:\/\/www.desin.cz\/author\/","identifier":1,"image":{"@type":"ImageObject","@id":"https:\/\/secure.gravatar.com\/avatar\/4860d213c5bedfa07ff2b166ff7b069759f9dbf79eae813578c75f9f8cb939b7?s=96&d=mm&r=g","url":"https:\/\/secure.gravatar.com\/avatar\/4860d213c5bedfa07ff2b166ff7b069759f9dbf79eae813578c75f9f8cb939b7?s=96&d=mm&r=g","height":96,"width":96}},"publisher":{"@type":"Organization","name":"desin.cz","logo":{"@type":"ImageObject","@id":"\/logo.png","url":"\/logo.png","width":600,"height":60}},"url":"https:\/\/www.desin.cz\/mame-radi-ceske-firmy\/","wordCount":185,"articleBody":"Dnes je zcela b\u011b\u017en\u00e9, \u017ee drtiv\u00e1 v\u011bt\u0161ina ve\u0161ker\u00e9ho zbo\u017e\u00ed, kter\u00e9 je k dost\u00e1n\u00ed na pultech na\u0161ich obchod\u016f, poch\u00e1z\u00ed z \u010c\u00edny. Je jen st\u011b\u017e\u00ed uv\u011b\u0159iteln\u00e9, \u017ee p\u0159i v\u0161ech n\u00e1kladech, kter\u00e9 vznikaj\u00ed s dopravou onoho zbo\u017e\u00ed, je st\u00e1le je\u0161t\u011b levn\u011bj\u0161\u00ed ne\u017e to, kter\u00e9 je vyrobeno u n\u00e1s. Nicm\u00e9n\u011b, z\u0159ejm\u011b je tomu tak. O to p\u0159\u00edjemn\u011bj\u0161\u00ed je zji\u0161t\u011bn\u00ed, \u017ee st\u00e1le je\u0161t\u011b lze naj\u00edt \u010desk\u00e9 firmy, kter\u00e9 prod\u00e1vaj\u00ed a dod\u00e1vaj\u00ed skute\u010dn\u011b \u010desk\u00e9 v\u00fdrobky. Nakupujeme u \u201ena\u0161ich\u201c Jednou z t\u011bchto firem je i firma Sepos, kter\u00e1 se zab\u00fdv\u00e1 prodejem interi\u00e9rov\u00fdch dve\u0159\u00ed zhotoven\u00fdch na m\u00edru Va\u0161im z\u00e1rubn\u00edm, Va\u0161emu interi\u00e9ru. Velk\u00e9 plus, kter\u00e9 hovo\u0159\u00ed jednozna\u010dn\u011b pro n\u00e1kup u t\u00e9to \u010desk\u00e9 firmy, je krom\u011b bohat\u00e9 nab\u00eddky proveden\u00ed dve\u0159\u00ed a jejich kov\u00e1n\u00ed tak\u00e9 prvn\u00ed m\u00edsto v \u017eeb\u0159\u00ed\u010dku \u0160tiky \u010desk\u00e9ho byznysu, kter\u00fd hodnot\u00ed \u00fasp\u011bch a v\u00fdsledky firmy dle skute\u010dn\u011b objektivn\u00edch m\u011b\u0159\u00edtek.                                                                                                                                                                                                                                                                                                                                                                                                "},{"@context":"https:\/\/schema.org\/","@type":"BreadcrumbList","itemListElement":[{"@type":"ListItem","position":1,"name":"M\u00e1me r\u00e1di \u010desk\u00e9 firmy","item":"https:\/\/www.desin.cz\/mame-radi-ceske-firmy\/#breadcrumbitem"}]}]